{"id":374,"count":9,"description":"A la unitat de Cirurgia Pl\u00e0stica, Est\u00e8tica i Reconstructiva corregim i reconstru\u00efm les deformitats i les defici\u00e8ncies funcionals i vetllem per la millora de la salut, l'harmonia f\u00edsica i el benestar dels pacients.","link":"https:\/\/mitrestorres.com\/ca\/metges-mi\/especialitat\/cirurgia-plastica-estetica-i-reconstructiva\/","name":"Cirurgia pl\u00e0stica, est\u00e8tica i reconstructiva","slug":"cirurgia-plastica-estetica-i-reconstructiva","taxonomy":"specialty","parent":0,"meta":[],"acf":[],"_links":{"self":[{"href":"https:\/\/mitrestorres.com\/ca\/wp-json\/wp\/v2\/specialty\/374","targetHints":{"allow":["GET"]}}],"collection":[{"href":"https:\/\/mitrestorres.com\/ca\/wp-json\/wp\/v2\/specialty"}],"about":[{"href":"https:\/\/mitrestorres.com\/ca\/wp-json\/wp\/v2\/taxonomies\/specialty"}],"wp:post_type":[{"href":"https:\/\/mitrestorres.com\/ca\/wp-json\/wp\/v2\/doctor?specialty=374"},{"href":"https:\/\/mitrestorres.com\/ca\/wp-json\/wp\/v2\/posts?specialty=374"}],"curies":[{"name":"wp","href":"https:\/\/api.w.org\/{rel}","templated":true}]}}