{"id":13219,"date":"2025-12-13T12:38:22","date_gmt":"2025-12-13T11:38:22","guid":{"rendered":"https:\/\/mitrestorres.com\/fallece-gabriel-masfurroll-presdiente-de-clinicas-mi-y-pionero-del-sistema-sanitario-privado-en-espana\/"},"modified":"2025-12-13T12:49:46","modified_gmt":"2025-12-13T11:49:46","slug":"fallece-gabriel-masfurroll-presdiente-de-clinicas-mi-y-pionero-del-sistema-sanitario-privado-en-espana","status":"publish","type":"post","link":"https:\/\/mitrestorres.com\/ca\/fallece-gabriel-masfurroll-presdiente-de-clinicas-mi-y-pionero-del-sistema-sanitario-privado-en-espana\/","title":{"rendered":"Mor Gabriel Masfurroll, President de Cl\u00ednicas Mi i pioner del sistema sanitari privat a Espanya"},"content":{"rendered":"\n<p><a><\/a><strong>Barcelona, 13 de desembre de 2025 <\/strong>&#8211; Cl\u00edniques Mi lamenta comunicar la mort del nostre cofundador i president, Gabriel Masfurroll Lacambra (1953-2025), als 72 anys d\u2019edat. La seva figura transcendeix l\u2019\u00e0mbit empresarial, ja que \u00e9s considerat un pilar fonamental en la modernitzaci\u00f3 i el desenvolupament del sector sanitari privat a Espanya. El seu llegat es fonamenta en la visi\u00f3 i l&#8217;aud\u00e0cia d&#8217;haver liderat la consolidaci\u00f3 i el desenvolupament de la gesti\u00f3 hospital\u00e0ria privada, una traject\u00f2ria que va ser reconeguda amb distincions tant a nivell de les organitzacions que va liderar com a nivell personal, com ara la Creu de Sant Jordi (2008).<\/p>\n\n\n\n<p><a><\/a>Economista de formaci\u00f3, amb arrels acad\u00e8miques a la Universitat de Barcelona i a ESADE, va iniciar la seva activitat professional a l&#8217;hospital de Santa Creu i Sant Pau i va exercir a hospitals tan rellevants com la Fundaci\u00f3 Puigvert, la Fundaci\u00f3 Jimenez D\u00edaz o la Cl\u00ednica Quir\u00f3n, aix\u00ed com en llocs directius i consells d&#8217;administraci\u00f3 de companyies sanit\u00e0ries nacionals i internacionals. \u00c9s considerat un pioner a l&#8217;\u00e0mbit de les xarxes d&#8217;hospitals privats al sud d&#8217;Europa, a partir de la creaci\u00f3 d&#8217;USP Hospitales el 1997, companyia de la qual va ser fundador, president i CEO fins al 2010 i que es va estendre a 4 pa\u00efsos: Espanya, Portugal, el Marroc i Angola.<\/p>\n\n\n\n<p>Despr\u00e9s de forjar un llegat com a pioner en la gesti\u00f3 hospital\u00e0ria d&#8217;alt nivell, Gabriel Masfurroll Lacambra va decidir emprendre un nou cam\u00ed al sector sanitari, aquesta vegada amb un enfocament m\u00e9s \u00edntim i familiar: el Grup Cl\u00ednicas Mi, un projecte nascut d&#8217;una visi\u00f3 compartida amb el seu fill, Gabriel &#8216;Gaby&#8217; Masfurroll Cortada, que lidera la gesti\u00f3 com a conseller delegat. L&#8217;adquisici\u00f3 estrat\u00e8gica de la Cl\u00ednica Tres Torres de Barcelona (2015) va ser el primer pas d&#8217;un projecte que ha impulsat un creixement org\u00e0nic, partint de Barcelona, \u200b\u200bi que ha sumat centres de refer\u00e8ncia a Catalunya com la Cl\u00ednica NovAlian\u00e7a de Lleida (2020) i el Centre Oftalmol\u00f2gic Tetuan, avui Oftalmi (2024) i amb la clara voluntat de seguir ampliant la seva pres\u00e8ncia amb nous centres que reforcin el seu\u00a0model.<\/p>\n\n\n\n<p><a><\/a>La visi\u00f3 de Gabriel Masfurroll a Cl\u00ednicas Mi es va centrar en un posicionament diferencial al sector sanitari privat, allunyant-se del model de la gran corporaci\u00f3, per adoptar un model diferent, que prioritza la humanitzaci\u00f3 del servei i el tracte personalitzat, sota el lema de &#8220;curar i cuidar&#8221;. El projecte empresarial del Grup Cl\u00ednicas Mi es mant\u00e9 plenament vigent i fidel a la seva visi\u00f3 original, mantenint el car\u00e0cter familiar, l&#8217;excel\u00b7l\u00e8ncia, el rigor, la proximitat, la visi\u00f3 de futur que ell va impulsar i la vocaci\u00f3 per continuar creixent.<\/p>\n\n\n\n<p><a><\/a>La vida de Gabriel Masfurroll va estar profundament lligada a l&#8217;esport, que li&nbsp; va servir com una escola de valors crucials per a la seva carrera empresarial. A la seva joventut va ser nedador d&#8217;alta competici\u00f3 al Club Nataci\u00f3 Barcelona i va formar part de la selecci\u00f3 espanyola. Posteriorment, va portar aquesta passi\u00f3 a l&#8217;\u00e0mbit de la gesti\u00f3, especialment al FC Barcelona, \u200b\u200bel gran club de la seva vida, on va ser directiu, portaveu i vicepresident. El seu comprom\u00eds social a trav\u00e9s de l&#8217;esport es va materialitzar a la Fundaci\u00f3 Laureus Espanya, de la qual en va ser president (2012-2020).<\/p>\n\n\n\n<p><a><\/a>M\u00e9s enll\u00e0 de l&#8217;\u00e0mbit de la salut i de l&#8217;esport, Masfurroll va mantenir una intensa i diversificada activitat a l&#8217;ecosistema empresarial i emprenedor catal\u00e0, com a mentor i assessor de joves emprenedors i, en alguns casos, inversor. La seva pertinen\u00e7a al Cercle d&#8217;Economia des del 1989 i la participaci\u00f3 en diferents consells d&#8217;administraci\u00f3 reflecteixen la seva influ\u00e8ncia constant a l&#8217;ecosistema empresarial catal\u00e0.<\/p>\n\n\n\n<p><a><\/a>A nivell acad\u00e8mic, la seva presid\u00e8ncia al Consell Social de la Universitat Aut\u00f2noma de Barcelona (UAB) durant nou anys subratlla el seu comprom\u00eds amb la formaci\u00f3 de les futures generacions de professionals.<\/p>\n\n\n\n<p><a><\/a>La biografia de Gabriel Masfurroll no estaria completa sense destacar-ne el comprom\u00eds social. \u00c9s cofundador de la Fundaci\u00f3 Catalana S\u00edndrome de Down, i el 2006, va impulsar Mi Fundaci\u00f3 \u00c1lex en mem\u00f2ria del seu fill, que va n\u00e9ixer amb s\u00edndrome de Down i va morir quan tenia tres anys. Aquesta entitat es dedica a fomentar el comprom\u00eds social en \u00e0rees sensibles com la inf\u00e0ncia i la discapacitat, afegint una profunda dimensi\u00f3 filantr\u00f2pica al seu ja extens curr\u00edculum com a empresari i l\u00edder social. La seva disposici\u00f3 permanent a ajudar, acompanyar i aconsellar \u2014als m\u00e9s vulnerables i a tothom que hi acud\u00eds\u2014 va ser sempre un senyal d&#8217;identitat a la seva vida. A m\u00e9s d&#8217;\u00c1lex, \u00e9s pare de Gaby i Paola, fruit del matrimoni amb Cristina Cortada. Gabriel tamb\u00e9 \u00e9s avi de Gaby, Clara, Mia i Sim\u00f3n.<\/p>\n\n\n\n<p><a><\/a>Prol\u00edfic escriptor, \u00e9s autor de 6 llibres i col\u00b7laborador en m\u00e9s de 60, a m\u00e9s de columnista col\u00b7laborador en diaris com La Vanguardia, Marca, Expansi\u00f3n i El Pa\u00eds, amb m\u00e9s de 1.000 articles publicats.<\/p>\n\n\n\n<p><a><\/a>Des de Cl\u00edniques Mi expressem el nostre condol m\u00e9s sincer a la fam\u00edlia i agra\u00efm profundament la visi\u00f3, passi\u00f3, generositat i proximitat del Gabriel, aix\u00ed com els valors que ha aportat a la nostra organitzaci\u00f3 i al conjunt de la societat.<\/p>\n\n\n\n<p><a><\/a>Descansi en pau.<\/p>\n","protected":false},"excerpt":{"rendered":"<p>Barcelona, 13 de desembre de 2025 &#8211; Cl\u00edniques Mi lamenta comunicar la mort del nostre cofundador i president, Gabriel Masfurroll Lacambra (1953-2025), als 72 anys d\u2019edat. La seva figura transcendeix l\u2019\u00e0mbit empresarial, ja que \u00e9s considerat un pilar fonamental en la modernitzaci\u00f3 i el desenvolupament del sector sanitari privat a Espanya. El seu llegat es fonamenta en la visi\u00f3 i l&#8217;aud\u00e0cia d&#8217;haver liderat la consolidaci\u00f3 i el desenvolupament de la gesti\u00f3 hospital\u00e0ria privada, una traject\u00f2ria que va ser reconeguda amb distincions tant a nivell de les organitzacions que va liderar com a nivell personal, com ara la Creu de Sant Jordi (2008).<\/p>\n","protected":false},"author":3,"featured_media":13235,"comment_status":"closed","ping_status":"open","sticky":false,"template":"","format":"standard","meta":{"_acf_changed":false,"_uag_custom_page_level_css":"","footnotes":""},"categories":[266,555,220],"tags":[],"specialty":[],"class_list":["post-13219","post","type-post","status-publish","format-standard","has-post-thumbnail","hentry","category-accio-social","category-mi-fundacio-alex","category-noticies","clinic-clinicas-mi-ca"],"acf":{"doctor":""},"uagb_featured_image_src":{"full":["https:\/\/mitrestorres.com\/wp-content\/uploads\/sites\/2\/2025\/12\/Gabriel-Masfurroll-Lacambra.jpeg",692,673,false],"thumbnail":["https:\/\/mitrestorres.com\/wp-content\/uploads\/sites\/2\/2025\/12\/Gabriel-Masfurroll-Lacambra-150x150.jpeg",150,150,true],"medium":["https:\/\/mitrestorres.com\/wp-content\/uploads\/sites\/2\/2025\/12\/Gabriel-Masfurroll-Lacambra-300x292.jpeg",300,292,true],"medium_large":["https:\/\/mitrestorres.com\/wp-content\/uploads\/sites\/2\/2025\/12\/Gabriel-Masfurroll-Lacambra.jpeg",640,622,false],"large":["https:\/\/mitrestorres.com\/wp-content\/uploads\/sites\/2\/2025\/12\/Gabriel-Masfurroll-Lacambra.jpeg",640,622,false],"1536x1536":["https:\/\/mitrestorres.com\/wp-content\/uploads\/sites\/2\/2025\/12\/Gabriel-Masfurroll-Lacambra.jpeg",692,673,false],"2048x2048":["https:\/\/mitrestorres.com\/wp-content\/uploads\/sites\/2\/2025\/12\/Gabriel-Masfurroll-Lacambra.jpeg",692,673,false]},"uagb_author_info":{"display_name":"paula","author_link":"https:\/\/mitrestorres.com\/ca\/author\/paula\/"},"uagb_comment_info":0,"uagb_excerpt":"Barcelona, 13 de desembre de 2025 - Cl\u00edniques Mi lamenta comunicar la mort del nostre cofundador i president, Gabriel Masfurroll Lacambra (1953-2025), als 72 anys d\u2019edat. La seva figura transcendeix l\u2019\u00e0mbit empresarial, ja que \u00e9s considerat un pilar fonamental en la modernitzaci\u00f3 i el desenvolupament del sector sanitari privat a Espanya. El seu llegat es&hellip;","_links":{"self":[{"href":"https:\/\/mitrestorres.com\/ca\/wp-json\/wp\/v2\/posts\/13219","targetHints":{"allow":["GET"]}}],"collection":[{"href":"https:\/\/mitrestorres.com\/ca\/wp-json\/wp\/v2\/posts"}],"about":[{"href":"https:\/\/mitrestorres.com\/ca\/wp-json\/wp\/v2\/types\/post"}],"author":[{"embeddable":true,"href":"https:\/\/mitrestorres.com\/ca\/wp-json\/wp\/v2\/users\/3"}],"replies":[{"embeddable":true,"href":"https:\/\/mitrestorres.com\/ca\/wp-json\/wp\/v2\/comments?post=13219"}],"version-history":[{"count":3,"href":"https:\/\/mitrestorres.com\/ca\/wp-json\/wp\/v2\/posts\/13219\/revisions"}],"predecessor-version":[{"id":13234,"href":"https:\/\/mitrestorres.com\/ca\/wp-json\/wp\/v2\/posts\/13219\/revisions\/13234"}],"wp:featuredmedia":[{"embeddable":true,"href":"https:\/\/mitrestorres.com\/ca\/wp-json\/wp\/v2\/media\/13235"}],"wp:attachment":[{"href":"https:\/\/mitrestorres.com\/ca\/wp-json\/wp\/v2\/media?parent=13219"}],"wp:term":[{"taxonomy":"category","embeddable":true,"href":"https:\/\/mitrestorres.com\/ca\/wp-json\/wp\/v2\/categories?post=13219"},{"taxonomy":"post_tag","embeddable":true,"href":"https:\/\/mitrestorres.com\/ca\/wp-json\/wp\/v2\/tags?post=13219"},{"taxonomy":"specialty","embeddable":true,"href":"https:\/\/mitrestorres.com\/ca\/wp-json\/wp\/v2\/specialty?post=13219"}],"curies":[{"name":"wp","href":"https:\/\/api.w.org\/{rel}","templated":true}]}}