{"id":12438,"date":"2025-07-10T10:18:31","date_gmt":"2025-07-10T08:18:31","guid":{"rendered":"https:\/\/mitrestorres.com\/tres-intervenciones-solidarias-que-cambian-vidas\/"},"modified":"2025-07-14T12:30:27","modified_gmt":"2025-07-14T10:30:27","slug":"tres-intervenciones-solidarias-que-cambian-vidas","status":"publish","type":"post","link":"https:\/\/mitrestorres.com\/ca\/tres-intervenciones-solidarias-que-cambian-vidas\/","title":{"rendered":"Tres intervenciones solidarias que cambian vidas"},"content":{"rendered":"\n<p><em><em>Cl\u00ednica Mi Tres Torres<\/em><\/em>, <em>Mi Fundaci\u00f3n Alex, y Fundaci\u00f3n Garc\u00eda Ib\u00e1\u00f1ez: un compromiso con la salud y la inclusi\u00f3n<\/em><\/p>\n\n\n\n<p>Este 2025, gracias al apoyo de Cl\u00ednica Mi Tres Torres, Mi Fundaci\u00f3n Alex y la Fundaci\u00f3n Garc\u00eda Ib\u00e1\u00f1ez han hecho realidad tres intervenciones quir\u00fargicas solidarias que han cambiado para siempre la vida de tres ni\u00f1os en situaci\u00f3n de vulnerabilidad.&nbsp;<br><br>Este proyecto nace del deseo compartido de poner la <strong>medicina al servicio de la inclusi\u00f3n<\/strong>, ayudando a quienes no podr\u00edan acceder a una atenci\u00f3n sanitaria especializada sin el respaldo de entidades comprometidas.&nbsp;&nbsp;&nbsp;&nbsp;<br><br>El objetivo es claro: poner la medicina al servicio de quienes m\u00e1s lo necesitan. Gracias a este esfuerzo conjunto, tres peque\u00f1os han podido ser intervenidos con \u00e9xito, recuperando salud, confianza y futuro.<\/p>\n\n\n\n<h2 class=\"wp-block-heading\">Dominic, 4 a\u00f1os<\/h2>\n\n\n\n<p><img loading=\"lazy\" decoding=\"async\" width=\"280\" height=\"157\" src=\"blob:https:\/\/clinicasmi.com\/a8845a7d-f55b-4be0-a7af-6747c6643a0d\"><br>Dominic afront\u00f3 con valent\u00eda una intervenci\u00f3n otol\u00f3gica compleja. Hoy, sonr\u00ede con m\u00e1s fuerza y afronta el futuro con m\u00e1s seguridad. Su recuperaci\u00f3n ha sido ejemplar.<\/p>\n\n\n\n<h2 class=\"wp-block-heading\">Lauren, 3 a\u00f1os<\/h2>\n\n\n\n<p><img loading=\"lazy\" decoding=\"async\" width=\"272\" height=\"153\" src=\"blob:https:\/\/clinicasmi.com\/dea91693-e3c5-44a2-bce3-90cabd3635db\"><br>Lauren es una ni\u00f1a despierta y curiosa, a la que su intervenci\u00f3n le ha devuelto la capacidad de escuchar con normalidad. Gracias a la colaboraci\u00f3n m\u00e9dica y solidaria, su mundo ahora suena m\u00e1s claro.<\/p>\n\n\n\n<h2 class=\"wp-block-heading\">Bel\u00e9n, 5 a\u00f1os<\/h2>\n\n\n\n<figure class=\"wp-block-image size-full\"><img decoding=\"async\" src=\"https:\/\/mitrestorres.com\/wp-content\/uploads\/sites\/2\/2025\/07\/image-edited.jpeg\" alt=\"\" class=\"wp-image-7177\"\/><\/figure>\n\n\n\n<p>Bel\u00e9n lleg\u00f3 desde lejos con una sonrisa t\u00edmida y muchas ilusiones. Gracias al equipo de profesionales de Cl\u00ednica Mi Tres Torres y la Fundaci\u00f3n Garc\u00eda Ib\u00e1\u00f1ez, ha podido mejorar su salud auditiva de manera significativa.<\/p>\n\n\n\n<p><em>\u201cEn Mi Fundaci\u00f3n Alex creemos que la salud es un derecho, no un privilegio. Que podamos dar respuesta real a trav\u00e9s de la excelencia m\u00e9dica es un orgullo y una responsabilidad compartida.\u201d<br>\u2014 Gabriel Masfurroll, presidente de Mi Fundaci\u00f3n Alex<\/em><\/p>\n\n\n\n<p>Estas tres historias son una muestra del poder de la colaboraci\u00f3n, la medicina con valores y la solidaridad bien dirigida. Desde Mi Fundaci\u00f3n Alex, agradecemos profundamente a Cl\u00ednica Mi Tres Torres por abrir sus puertas y corazones a quienes m\u00e1s lo necesitan.&nbsp;&nbsp;&nbsp;&nbsp;&nbsp;&nbsp;&nbsp;&nbsp;<br><br>Seguimos trabajando por una salud m\u00e1s inclusiva, humana y transformadora.<\/p>\n","protected":false},"excerpt":{"rendered":"<p>Este 2025, gracias al apoyo de Cl\u00ednica Mi Tres Torres, Mi Fundaci\u00f3n Alex y la Fundaci\u00f3n Garc\u00eda Ib\u00e1\u00f1ez han hecho realidad tres intervenciones quir\u00fargicas solidarias que han cambiado para siempre la vida de tres ni\u00f1os en situaci\u00f3n de vulnerabilidad.\u00a0<\/p>\n","protected":false},"author":3,"featured_media":12448,"comment_status":"closed","ping_status":"open","sticky":false,"template":"","format":"standard","meta":{"_acf_changed":false,"_uag_custom_page_level_css":"","footnotes":""},"categories":[276,220],"tags":[],"specialty":[],"class_list":["post-12438","post","type-post","status-publish","format-standard","has-post-thumbnail","hentry","category-accion-social","category-noticies","clinic-clinicas-mi-ca"],"acf":{"doctor":[3626,3627]},"uagb_featured_image_src":{"full":["https:\/\/mitrestorres.com\/wp-content\/uploads\/sites\/2\/2025\/07\/WhatsApp-Image-2025-07-10-at-12.19.37.jpeg",1600,900,false],"thumbnail":["https:\/\/mitrestorres.com\/wp-content\/uploads\/sites\/2\/2025\/07\/WhatsApp-Image-2025-07-10-at-12.19.37-150x150.jpeg",150,150,true],"medium":["https:\/\/mitrestorres.com\/wp-content\/uploads\/sites\/2\/2025\/07\/WhatsApp-Image-2025-07-10-at-12.19.37-300x169.jpeg",300,169,true],"medium_large":["https:\/\/mitrestorres.com\/wp-content\/uploads\/sites\/2\/2025\/07\/WhatsApp-Image-2025-07-10-at-12.19.37-768x432.jpeg",640,360,true],"large":["https:\/\/mitrestorres.com\/wp-content\/uploads\/sites\/2\/2025\/07\/WhatsApp-Image-2025-07-10-at-12.19.37-1024x576.jpeg",640,360,true],"1536x1536":["https:\/\/mitrestorres.com\/wp-content\/uploads\/sites\/2\/2025\/07\/WhatsApp-Image-2025-07-10-at-12.19.37-1536x864.jpeg",1536,864,true],"2048x2048":["https:\/\/mitrestorres.com\/wp-content\/uploads\/sites\/2\/2025\/07\/WhatsApp-Image-2025-07-10-at-12.19.37.jpeg",1600,900,false]},"uagb_author_info":{"display_name":"paula","author_link":"https:\/\/mitrestorres.com\/ca\/author\/paula\/"},"uagb_comment_info":0,"uagb_excerpt":"Este 2025, gracias al apoyo de Cl\u00ednica Mi Tres Torres, Mi Fundaci\u00f3n Alex y la Fundaci\u00f3n Garc\u00eda Ib\u00e1\u00f1ez han hecho realidad tres intervenciones quir\u00fargicas solidarias que han cambiado para siempre la vida de tres ni\u00f1os en situaci\u00f3n de vulnerabilidad.\u00a0","_links":{"self":[{"href":"https:\/\/mitrestorres.com\/ca\/wp-json\/wp\/v2\/posts\/12438","targetHints":{"allow":["GET"]}}],"collection":[{"href":"https:\/\/mitrestorres.com\/ca\/wp-json\/wp\/v2\/posts"}],"about":[{"href":"https:\/\/mitrestorres.com\/ca\/wp-json\/wp\/v2\/types\/post"}],"author":[{"embeddable":true,"href":"https:\/\/mitrestorres.com\/ca\/wp-json\/wp\/v2\/users\/3"}],"replies":[{"embeddable":true,"href":"https:\/\/mitrestorres.com\/ca\/wp-json\/wp\/v2\/comments?post=12438"}],"version-history":[{"count":5,"href":"https:\/\/mitrestorres.com\/ca\/wp-json\/wp\/v2\/posts\/12438\/revisions"}],"predecessor-version":[{"id":12454,"href":"https:\/\/mitrestorres.com\/ca\/wp-json\/wp\/v2\/posts\/12438\/revisions\/12454"}],"wp:featuredmedia":[{"embeddable":true,"href":"https:\/\/mitrestorres.com\/ca\/wp-json\/wp\/v2\/media\/12448"}],"wp:attachment":[{"href":"https:\/\/mitrestorres.com\/ca\/wp-json\/wp\/v2\/media?parent=12438"}],"wp:term":[{"taxonomy":"category","embeddable":true,"href":"https:\/\/mitrestorres.com\/ca\/wp-json\/wp\/v2\/categories?post=12438"},{"taxonomy":"post_tag","embeddable":true,"href":"https:\/\/mitrestorres.com\/ca\/wp-json\/wp\/v2\/tags?post=12438"},{"taxonomy":"specialty","embeddable":true,"href":"https:\/\/mitrestorres.com\/ca\/wp-json\/wp\/v2\/specialty?post=12438"}],"curies":[{"name":"wp","href":"https:\/\/api.w.org\/{rel}","templated":true}]}}